{"id":4461,"date":"2026-08-17T11:13:36","date_gmt":"2026-08-17T15:13:36","guid":{"rendered":"https:\/\/monde.ca\/meretmonde\/?p=4461"},"modified":"2026-08-17T11:15:28","modified_gmt":"2026-08-17T15:15:28","slug":"bienvenue-dialikatou","status":"publish","type":"post","link":"https:\/\/monde.ca\/meretmonde\/bienvenue-dialikatou\/","title":{"rendered":"Bienvenue Dialikatou !"},"content":{"rendered":"\t\t<div data-elementor-type=\"wp-post\" data-elementor-id=\"4461\" class=\"elementor elementor-4461\" data-elementor-post-type=\"post\">\n\t\t\t\t<div class=\"elementor-element elementor-element-47625f6 e-grid e-con-boxed e-con e-parent\" data-id=\"47625f6\" data-element_type=\"container\" data-e-type=\"container\">\n\t\t\t\t\t<div class=\"e-con-inner\">\n\t\t\t\t<div class=\"elementor-element elementor-element-8b95708 elementor-widget elementor-widget-text-editor\" data-id=\"8b95708\" data-element_type=\"widget\" data-e-type=\"widget\" data-widget_type=\"text-editor.default\">\n\t\t\t\t<div class=\"elementor-widget-container\">\n\t\t\t\t\t\t\t\t\t<p>Dialikatou rejoint Mer et Monde \u00e0 titre de directrice g\u00e9n\u00e9rale avec plus de 15 ans d\u2019exp\u00e9rience en gestion, d\u00e9veloppement organisationnel, coordination de projets internationaux et renforcement des capacit\u00e9s, acquise au sein d\u2019organisations internationales, d\u2019ONG canadiennes, d\u2019institutions gouvernementales et du secteur priv\u00e9, tant en Afrique, notamment en Guin\u00e9e, au Burkina Faso, au Gabon, au S\u00e9n\u00e9gal et au Nig\u00e9ria, qu\u2019au Canada.<\/p><div>Titulaire d\u2019une ma\u00eetrise en gestion de projet de l\u2019Universit\u00e9 du Qu\u00e9bec en Outaouais (UQO), elle a occup\u00e9 des fonctions de leadership en qualit\u00e9 de consultante internationale, de coop\u00e9rante volontaire et d\u2019employ\u00e9e aupr\u00e8s de l\u2019Organisation mondiale de la Sant\u00e9 (OMS), du Bureau international des droits des enfants (IBCR), de Carrefour International, du Centre d\u2019\u00c9tude et de Coop\u00e9ration Internationale (CECI), d\u2019Emploi et D\u00e9veloppement Social Canada (EDSC), Actions Interculturelles et de Novartis pharma services entre autres. Son parcours est marqu\u00e9 par la mise en \u0153uvre d\u2019initiatives favorisant l\u2019efficacit\u00e9 organisationnelle, la collaboration interculturelle, le d\u00e9veloppement des \u00e9quipes et l\u2019am\u00e9lioration durable des pratiques.<\/div><div>\u00a0<\/div><div>Profond\u00e9ment attach\u00e9e aux valeurs de solidarit\u00e9, de justice sociale, d&#8217;\u00e9quit\u00e9, de respect des diversit\u00e9s et de r\u00e9ciprocit\u00e9, Dialikatou voit son arriv\u00e9e \u00e0 Mer et Monde comme la continuit\u00e9 naturelle d&#8217;un engagement consacr\u00e9 au renforcement des communaut\u00e9s et \u00e0 la cr\u00e9ation de partenariats durables. Elle est convaincue que le changement se construit collectivement, dans l&#8217;\u00e9coute, la confiance et le partage des savoirs.<\/div><div>\u00a0<\/div><div><em>\u00ab Rejoindre Mer et Monde repr\u00e9sente pour moi bien plus qu&#8217;un nouveau d\u00e9fi professionnel. C&#8217;est l&#8217;occasion de contribuer \u00e0 une organisation dont la mission rejoint profond\u00e9ment mes valeurs et mon parcours. Je suis enthousiaste \u00e0 l&#8217;id\u00e9e de travailler avec une \u00e9quipe engag\u00e9e, des partenaires inspirants et des personnes qui croient, comme moi, au pouvoir de la solidarit\u00e9 internationale, de l&#8217;apprentissage mutuel et de l&#8217;action collective pour b\u00e2tir un monde plus juste et plus inclusif. \u00bb<\/em><\/div><div>\u00a0<\/div><p>Je suis heureuse d&#8217;entreprendre cette nouvelle aventure avec l&#8217;\u00e9quipe de Mer et Monde et de contribuer, avec humilit\u00e9, engagement et enthousiasme, \u00e0 poursuivre et \u00e0 faire rayonner sa mission.<\/p>\t\t\t\t\t\t\t\t<\/div>\n\t\t\t\t<\/div>\n\t\t\t\t<div class=\"elementor-element elementor-element-f76d3eb elementor-widget elementor-widget-image\" data-id=\"f76d3eb\" data-element_type=\"widget\" data-e-type=\"widget\" data-widget_type=\"image.default\">\n\t\t\t\t<div class=\"elementor-widget-container\">\n\t\t\t\t\t\t\t\t\t\t\t\t<figure class=\"wp-caption\">\n\t\t\t\t\t\t\t\t\t\t<img fetchpriority=\"high\" decoding=\"async\" width=\"768\" height=\"1024\" src=\"https:\/\/monde.ca\/meretmonde\/wp-content\/uploads\/sites\/2\/2026\/08\/WhatsApp-Image-2026-08-12-at-10.22.41-768x1024.jpeg\" class=\"attachment-large size-large wp-image-4453\" alt=\"\" srcset=\"https:\/\/monde.ca\/meretmonde\/wp-content\/uploads\/sites\/2\/2026\/08\/WhatsApp-Image-2026-08-12-at-10.22.41-768x1024.jpeg 768w, https:\/\/monde.ca\/meretmonde\/wp-content\/uploads\/sites\/2\/2026\/08\/WhatsApp-Image-2026-08-12-at-10.22.41-225x300.jpeg 225w, https:\/\/monde.ca\/meretmonde\/wp-content\/uploads\/sites\/2\/2026\/08\/WhatsApp-Image-2026-08-12-at-10.22.41-1152x1536.jpeg 1152w, https:\/\/monde.ca\/meretmonde\/wp-content\/uploads\/sites\/2\/2026\/08\/WhatsApp-Image-2026-08-12-at-10.22.41.jpeg 1200w\" sizes=\"(max-width: 768px) 100vw, 768px\" \/>\t\t\t\t\t\t\t\t\t\t\t<figcaption class=\"widget-image-caption wp-caption-text\">La pr\u00e9sidente du Conseil d'administration, Amira Beghdadi (\u00e0 droite), accueillait la semaine derni\u00e8re la nouvelle directrice g\u00e9n\u00e9rale, Dialikatou Barry (\u00e0 gauche).<\/figcaption>\n\t\t\t\t\t\t\t\t\t\t<\/figure>\n\t\t\t\t\t\t\t\t\t<\/div>\n\t\t\t\t<\/div>\n\t\t\t\t\t<\/div>\n\t\t\t\t<\/div>\n\t\t\t\t<\/div>\n\t\t","protected":false},"excerpt":{"rendered":"<p>Dialikatou rejoint Mer et Monde \u00e0 titre de directrice g\u00e9n\u00e9rale avec plus de 15 ans d\u2019exp\u00e9rience en gestion, d\u00e9veloppement organisationnel, coordination de projets internationaux et renforcement des capacit\u00e9s, acquise au sein d\u2019organisations internationales, d\u2019ONG canadiennes, d\u2019institutions gouvernementales et du secteur priv\u00e9, tant en Afrique, notamment en Guin\u00e9e, au Burkina Faso, au Gabon, au S\u00e9n\u00e9gal et [&hellip;]<\/p>\n","protected":false},"author":5,"featured_media":4457,"comment_status":"closed","ping_status":"closed","sticky":false,"template":"","format":"standard","meta":{"footnotes":""},"categories":[6],"tags":[],"class_list":["post-4461","post","type-post","status-publish","format-standard","has-post-thumbnail","hentry","category-nouvelles"],"_links":{"self":[{"href":"https:\/\/monde.ca\/meretmonde\/wp-json\/wp\/v2\/posts\/4461","targetHints":{"allow":["GET"]}}],"collection":[{"href":"https:\/\/monde.ca\/meretmonde\/wp-json\/wp\/v2\/posts"}],"about":[{"href":"https:\/\/monde.ca\/meretmonde\/wp-json\/wp\/v2\/types\/post"}],"author":[{"embeddable":true,"href":"https:\/\/monde.ca\/meretmonde\/wp-json\/wp\/v2\/users\/5"}],"replies":[{"embeddable":true,"href":"https:\/\/monde.ca\/meretmonde\/wp-json\/wp\/v2\/comments?post=4461"}],"version-history":[{"count":4,"href":"https:\/\/monde.ca\/meretmonde\/wp-json\/wp\/v2\/posts\/4461\/revisions"}],"predecessor-version":[{"id":4465,"href":"https:\/\/monde.ca\/meretmonde\/wp-json\/wp\/v2\/posts\/4461\/revisions\/4465"}],"wp:attachment":[{"href":"https:\/\/monde.ca\/meretmonde\/wp-json\/wp\/v2\/media?parent=4461"}],"wp:term":[{"taxonomy":"category","embeddable":true,"href":"https:\/\/monde.ca\/meretmonde\/wp-json\/wp\/v2\/categories?post=4461"},{"taxonomy":"post_tag","embeddable":true,"href":"https:\/\/monde.ca\/meretmonde\/wp-json\/wp\/v2\/tags?post=4461"}],"curies":[{"name":"wp","href":"https:\/\/api.w.org\/{rel}","templated":true}]}}