{"id":4411,"date":"2026-04-13T10:36:38","date_gmt":"2026-04-13T14:36:38","guid":{"rendered":"https:\/\/monde.ca\/meretmonde\/?p=4411"},"modified":"2026-04-13T10:45:58","modified_gmt":"2026-04-13T14:45:58","slug":"emploi-direction-generale","status":"publish","type":"post","link":"https:\/\/monde.ca\/meretmonde\/emploi-direction-generale\/","title":{"rendered":"Nous recrutons !"},"content":{"rendered":"\t\t<div data-elementor-type=\"wp-post\" data-elementor-id=\"4411\" class=\"elementor elementor-4411\" data-elementor-post-type=\"post\">\n\t\t\t\t<div class=\"elementor-element elementor-element-ae71444 e-flex e-con-boxed e-con e-parent\" data-id=\"ae71444\" data-element_type=\"container\" data-e-type=\"container\">\n\t\t\t\t\t<div class=\"e-con-inner\">\n\t\t\t\t<div class=\"elementor-element elementor-element-2493474 elementor-widget elementor-widget-image\" data-id=\"2493474\" data-element_type=\"widget\" data-e-type=\"widget\" data-widget_type=\"image.default\">\n\t\t\t\t<div class=\"elementor-widget-container\">\n\t\t\t\t\t\t\t\t\t\t\t\t\t\t\t<img fetchpriority=\"high\" decoding=\"async\" width=\"851\" height=\"315\" src=\"https:\/\/monde.ca\/meretmonde\/wp-content\/uploads\/sites\/2\/2026\/04\/Emploi.png\" class=\"attachment-full size-full wp-image-4415\" alt=\"\" srcset=\"https:\/\/monde.ca\/meretmonde\/wp-content\/uploads\/sites\/2\/2026\/04\/Emploi.png 851w, https:\/\/monde.ca\/meretmonde\/wp-content\/uploads\/sites\/2\/2026\/04\/Emploi-300x111.png 300w, https:\/\/monde.ca\/meretmonde\/wp-content\/uploads\/sites\/2\/2026\/04\/Emploi-768x284.png 768w\" sizes=\"(max-width: 851px) 100vw, 851px\" \/>\t\t\t\t\t\t\t\t\t\t\t\t\t\t\t<\/div>\n\t\t\t\t<\/div>\n\t\t\t\t\t<\/div>\n\t\t\t\t<\/div>\n\t\t<div class=\"elementor-element elementor-element-5919336 e-flex e-con-boxed e-con e-parent\" data-id=\"5919336\" data-element_type=\"container\" data-e-type=\"container\">\n\t\t\t\t\t<div class=\"e-con-inner\">\n\t\t\t\t<div class=\"elementor-element elementor-element-be6f476 elementor-widget elementor-widget-text-editor\" data-id=\"be6f476\" data-element_type=\"widget\" data-e-type=\"widget\" data-widget_type=\"text-editor.default\">\n\t\t\t\t<div class=\"elementor-widget-container\">\n\t\t\t\t\t\t\t\t\t<p><b>Description du poste<\/b><\/p><p><span style=\"font-weight: 400;\">Vous souhaitez \u00eatre au c\u0153ur d\u2019initiatives de stages et de projets de solidarit\u00e9 internationale?<\/span><\/p><p><span style=\"font-weight: 400;\">Vous croyez \u00e0 la richesse des \u00e9changes interculturels et \u00e0 la r\u00e9ciprocit\u00e9 des apprentissages qui en d\u00e9coulent?<\/span><\/p><p><span style=\"font-weight: 400;\">Mer et Monde est \u00e0 la recherche d\u2019une personne pour occuper le poste de direction g\u00e9n\u00e9rale qui portera la mission de l\u2019organisme et pilotera son d\u00e9veloppement.<\/span><\/p><p><span style=\"font-weight: 400;\">Mer et Monde est un organisme d\u2019initiation \u00e0 la coop\u00e9ration internationale qui agit en invitant \u00e0 l\u2019engagement solidaire personnel et communautaire \u00e0 long terme, chez-soi et \u00e0 l\u2019\u00e9tranger. Il initie \u00e0 la coop\u00e9ration internationale en dispensant une formation de qualit\u00e9; en proposant des stages internationaux anim\u00e9s par ses \u00e9quipes permanentes; et en collaborant avec plusieurs partenaires communautaires locaux.<\/span><\/p><p><b>Responsabilit\u00e9s\u00a0principales<\/b><\/p><p><span style=\"font-weight: 400;\">Relevant du conseil d\u2019administration, la personne titulaire du poste a pour responsabilit\u00e9 de planifier et de diriger efficacement les activit\u00e9s de l\u2019organisme, de veiller \u00e0 la saine gestion des ressources financi\u00e8res, humaines, mat\u00e9rielles et informationnelles. Par son travail, sa vision et ses actions, elle assure la qualit\u00e9 de l\u2019organisation du travail pour mettre en \u0153uvre le plan strat\u00e9gique et mener \u00e0 terme les projets. Enfin, elle assure les suivis n\u00e9cessaires aupr\u00e8s du conseil d\u2019administration concernant les responsabilit\u00e9s et mandats qui lui sont confi\u00e9s. Elle aura les responsabilit\u00e9s suivantes:\u00a0<\/span><\/p><p><b>Leadership strat\u00e9gique<\/b><\/p><ul><li style=\"font-weight: 400;\" aria-level=\"1\"><span style=\"font-weight: 400;\">Veiller au respect de la mission et des r\u00e8glements g\u00e9n\u00e9raux de l&#8217;organisme, ainsi qu&#8217;\u00e0 la mise en application des d\u00e9cisions, politiques et proc\u00e9dures approuv\u00e9es par le conseil d\u2019administration;<\/span><\/li><li style=\"font-weight: 400;\" aria-level=\"1\"><span style=\"font-weight: 400;\">En collaboration avec le conseil d\u2019administration, participer \u00e0 l\u2019\u00e9laboration du plan strat\u00e9gique de Mer et Monde et assurer la mise en \u0153uvre du plan annuel qui en d\u00e9coule;<\/span><\/li><li style=\"font-weight: 400;\" aria-level=\"1\"><span style=\"font-weight: 400;\">Participer aux rencontres du conseil d\u2019administration et contribuer \u00e0 leur planification;<\/span><\/li><li style=\"font-weight: 400;\" aria-level=\"1\"><span style=\"font-weight: 400;\">Organiser les assembl\u00e9es g\u00e9n\u00e9rales et pr\u00e9parer les rapports annuels de l\u2019organisme;\u00a0<\/span><\/li><li style=\"font-weight: 400;\" aria-level=\"1\"><span style=\"font-weight: 400;\">Piloter la recherche de financement pour le d\u00e9veloppement des programmes et des partenariats dans le milieu de l\u2019\u00e9ducation et dans le milieu de la coop\u00e9ration internationale;<\/span><\/li><li style=\"font-weight: 400;\" aria-level=\"1\"><span style=\"font-weight: 400;\">Assurer une veille strat\u00e9gique continue afin d\u2019identifier et de saisir des opportunit\u00e9s de d\u00e9veloppement pour l\u2019organisme, tant au Qu\u00e9bec qu\u2019\u00e0 travers des partenariats internationaux.<\/span><\/li><\/ul><p>\u00a0<\/p><p><b>Gestion des ressources humaines\u00a0<\/b><\/p><ul><li style=\"font-weight: 400;\" aria-level=\"1\"><span style=\"font-weight: 400;\">Assurer la gestion des ressources humaines et coordonner le travail des employ\u00e9.e.s au Qu\u00e9bec;<\/span><\/li><li style=\"font-weight: 400;\" aria-level=\"1\"><span style=\"font-weight: 400;\">Assurer le recrutement, l\u2019embauche, la formation et l\u2019\u00e9valuation du personnel au Qu\u00e9bec;<\/span><\/li><li style=\"font-weight: 400;\" aria-level=\"1\"><span style=\"font-weight: 400;\">Superviser la gestion du bureau de Mer et Monde au S\u00e9n\u00e9gal et appuyer la direction terrain et l\u2019\u00e9quipe locale, selon les besoins;<\/span><\/li><li style=\"font-weight: 400;\" aria-level=\"1\"><span style=\"font-weight: 400;\">Assurer un environnement de travail positif et harmonieux.\u00a0<\/span><\/li><\/ul><p>\u00a0<\/p><p><b>Gestion financi\u00e8re<\/b><\/p><ul><li style=\"font-weight: 400;\" aria-level=\"1\"><span style=\"font-weight: 400;\">Assurer la gestion financi\u00e8re de l\u2019organisme;<\/span><\/li><li style=\"font-weight: 400;\" aria-level=\"1\"><span style=\"font-weight: 400;\">Planifier le budget annuel;<\/span><\/li><li style=\"font-weight: 400;\" aria-level=\"1\"><span style=\"font-weight: 400;\">Proc\u00e9der aux d\u00e9marches de financement, \u00e0 la pr\u00e9paration des demandes de subvention, assurer les suivis ainsi que la reddition de comptes aupr\u00e8s des bailleurs de fonds.<\/span><\/li><\/ul><p>\u00a0<\/p><p><b>Repr\u00e9sentation et partenariats<\/b><\/p><ul><li style=\"font-weight: 400;\" aria-level=\"1\"><span style=\"font-weight: 400;\">D\u00e9velopper et entretenir les relations avec les partenaires de l\u2019organisme, notamment dans les milieux de la coop\u00e9ration internationale et de l\u2019\u00e9ducation, ainsi que les bailleurs de fonds;<\/span><\/li><li style=\"font-weight: 400;\" aria-level=\"1\"><span style=\"font-weight: 400;\">Repr\u00e9senter l\u2019organisme \u00e0 l\u2019externe;<\/span><\/li><li style=\"font-weight: 400;\" aria-level=\"1\"><span style=\"font-weight: 400;\">Mobiliser le r\u00e9seau de Mer et Monde, ses membres, ses b\u00e9n\u00e9voles.<\/span><\/li><\/ul><p>\u00a0<\/p><p><b>Profil requis<\/b><\/p><ul><li style=\"font-weight: 400;\" aria-level=\"1\"><span style=\"font-weight: 400;\">Exp\u00e9rience professionnelle de 3 \u00e0 5 ann\u00e9es dans un poste de gestion dans une organisation non gouvernementale ou un organisme communautaire;<\/span><\/li><li style=\"font-weight: 400;\" aria-level=\"1\"><span style=\"font-weight: 400;\">Dipl\u00f4me universitaire en administration, d\u00e9veloppement international, ou toute autre discipline pertinente;<\/span><\/li><li style=\"font-weight: 400;\" aria-level=\"1\"><span style=\"font-weight: 400;\">Solides comp\u00e9tences en gestion des ressources humaines, administrative, et financi\u00e8re;<\/span><\/li><li style=\"font-weight: 400;\" aria-level=\"1\"><span style=\"font-weight: 400;\">Exp\u00e9rience en gestion de projets de coop\u00e9ration internationale et de collaboration avec des bailleurs de fonds;\u00a0<\/span><\/li><li style=\"font-weight: 400;\" aria-level=\"1\"><span style=\"font-weight: 400;\">Exp\u00e9rience en coordination de la mobilit\u00e9 internationale;<\/span><\/li><li style=\"font-weight: 400;\" aria-level=\"1\"><span style=\"font-weight: 400;\">Excellente capacit\u00e9 \u00e0 travailler dans un milieu interculturel;<\/span><\/li><li style=\"font-weight: 400;\" aria-level=\"1\"><span style=\"font-weight: 400;\">Connaissance du r\u00e9seau de la solidarit\u00e9 internationale et du milieu de l\u2019\u00e9ducation au Qu\u00e9bec (scolaire et universitaire) (un atout);<\/span><\/li><li style=\"font-weight: 400;\" aria-level=\"1\"><span style=\"font-weight: 400;\">Bonne connaissance de l\u2019Afrique de l\u2019Ouest francophone (un atout);<\/span><\/li><li style=\"font-weight: 400;\" aria-level=\"1\"><span style=\"font-weight: 400;\">Adh\u00e9sion aux valeurs, \u00e0 la mission et \u00e0 la vision de Mer et Monde;<\/span><\/li><li style=\"font-weight: 400;\" aria-level=\"1\"><span style=\"font-weight: 400;\">\u00catre l\u00e9galement autoris\u00e9.e \u00e0 travailler au Canada.<\/span><\/li><\/ul><p><span style=\"font-weight: 400;\"><br \/><\/span><b>Ce que nous offrons<\/b><\/p><ul><li><span style=\"font-weight: 400;\">Poste permanent (apr\u00e8s une p\u00e9riode de probation)<\/span><\/li><li><span style=\"font-weight: 400;\">37,5h\/semaine<\/span><\/li><li><span style=\"font-weight: 400;\">Salaire : entre 72 150 $ et 78 000$ (selon l\u2019exp\u00e9rience)<\/span><\/li><li><span style=\"font-weight: 400;\">Mode de travail hybride : 2 journ\u00e9es par semaine au bureau<\/span><\/li><li><span style=\"font-weight: 400;\">5 semaines de vacances par an\u00a0<\/span><\/li><li><span style=\"font-weight: 400;\">6 journ\u00e9es de cong\u00e9 maladie\/3 journ\u00e9es d\u2019obligation familiale<\/span><\/li><\/ul><p>\u00a0<\/p><p><span style=\"font-weight: 400;\">En tant qu\u2019organisme engag\u00e9 pour la justice sociale, Mer et Monde valorise la diversit\u00e9 des parcours et encourage les candidatures de personnes issues de groupes historiquement marginalis\u00e9s, notamment les personnes autochtones, racis\u00e9es, de personnes en situation de handicap et de membres de la communaut\u00e9 LGBTQ+.<\/span><\/p><p><b>Date limite pour l\u2019envoi des candidatures<\/b><\/p><p><span style=\"font-weight: 400;\">Le dimanche 10 mai 2026\u00a0<\/span><\/p><p><span style=\"font-weight: 400;\">Envoyez votre curriculum vitae et votre lettre de motivation \u00e0 <\/span><strong>info@monde.ca\u00a0<\/strong><\/p>\t\t\t\t\t\t\t\t<\/div>\n\t\t\t\t<\/div>\n\t\t\t\t\t<\/div>\n\t\t\t\t<\/div>\n\t\t\t\t<\/div>\n\t\t","protected":false},"excerpt":{"rendered":"<p>Description du poste Vous souhaitez \u00eatre au c\u0153ur d\u2019initiatives de stages et de projets de solidarit\u00e9 internationale? Vous croyez \u00e0 la richesse des \u00e9changes interculturels et \u00e0 la r\u00e9ciprocit\u00e9 des apprentissages qui en d\u00e9coulent? Mer et Monde est \u00e0 la recherche d\u2019une personne pour occuper le poste de direction g\u00e9n\u00e9rale qui portera la mission de [&hellip;]<\/p>\n","protected":false},"author":5,"featured_media":4425,"comment_status":"closed","ping_status":"closed","sticky":false,"template":"","format":"standard","meta":{"footnotes":""},"categories":[6],"tags":[],"class_list":["post-4411","post","type-post","status-publish","format-standard","has-post-thumbnail","hentry","category-nouvelles"],"_links":{"self":[{"href":"https:\/\/monde.ca\/meretmonde\/wp-json\/wp\/v2\/posts\/4411","targetHints":{"allow":["GET"]}}],"collection":[{"href":"https:\/\/monde.ca\/meretmonde\/wp-json\/wp\/v2\/posts"}],"about":[{"href":"https:\/\/monde.ca\/meretmonde\/wp-json\/wp\/v2\/types\/post"}],"author":[{"embeddable":true,"href":"https:\/\/monde.ca\/meretmonde\/wp-json\/wp\/v2\/users\/5"}],"replies":[{"embeddable":true,"href":"https:\/\/monde.ca\/meretmonde\/wp-json\/wp\/v2\/comments?post=4411"}],"version-history":[{"count":12,"href":"https:\/\/monde.ca\/meretmonde\/wp-json\/wp\/v2\/posts\/4411\/revisions"}],"predecessor-version":[{"id":4427,"href":"https:\/\/monde.ca\/meretmonde\/wp-json\/wp\/v2\/posts\/4411\/revisions\/4427"}],"wp:featuredmedia":[{"embeddable":true,"href":"https:\/\/monde.ca\/meretmonde\/wp-json\/wp\/v2\/media\/4425"}],"wp:attachment":[{"href":"https:\/\/monde.ca\/meretmonde\/wp-json\/wp\/v2\/media?parent=4411"}],"wp:term":[{"taxonomy":"category","embeddable":true,"href":"https:\/\/monde.ca\/meretmonde\/wp-json\/wp\/v2\/categories?post=4411"},{"taxonomy":"post_tag","embeddable":true,"href":"https:\/\/monde.ca\/meretmonde\/wp-json\/wp\/v2\/tags?post=4411"}],"curies":[{"name":"wp","href":"https:\/\/api.w.org\/{rel}","templated":true}]}}